{"id":2247,"date":"2025-06-10T19:24:39","date_gmt":"2025-06-10T17:24:39","guid":{"rendered":"https:\/\/groupebigart.tn\/?p=2247"},"modified":"2025-06-10T19:24:39","modified_gmt":"2025-06-10T17:24:39","slug":"amenagement-despace-professionnel-placez-les-besoins-humains-au-coeur-de-votre-projet","status":"publish","type":"post","link":"https:\/\/backup.groupebigart.tn\/index.php\/2025\/06\/10\/amenagement-despace-professionnel-placez-les-besoins-humains-au-coeur-de-votre-projet\/","title":{"rendered":"Auto Draft"},"content":{"rendered":"\n<div class=\"container section-title-container\" ><h3 class=\"section-title section-title-normal\"><b><\/b><span class=\"section-title-main\" style=\"color:rgb(202, 12, 12);\">Am\u00e9nagement d\u2019espace professionnel : placez les besoins humains au c\u0153ur de votre projet<\/span><b><\/b><\/h3><\/div>\n\n<div class=\"row\"  id=\"row-261385319\">\n\n\n\t<div id=\"col-1184742982\" class=\"col medium-6 small-12 large-6\"  >\n\t\t\t\t<div class=\"col-inner\"  >\n\t\t\t\n\t\t\t\n\n\t<div class=\"img has-hover x md-x lg-x y md-y lg-y\" id=\"image_1661198963\">\n\t\t\t\t\t\t\t\t<div class=\"img-inner dark\" >\n\t\t\t<img loading=\"lazy\" decoding=\"async\" width=\"561\" height=\"556\" src=\"https:\/\/backup.groupebigart.tn\/wp-content\/uploads\/2025\/06\/Image3.png\" class=\"attachment-large size-large\" alt=\"\" srcset=\"https:\/\/backup.groupebigart.tn\/wp-content\/uploads\/2025\/06\/Image3.png 561w, https:\/\/backup.groupebigart.tn\/wp-content\/uploads\/2025\/06\/Image3-300x297.png 300w, https:\/\/backup.groupebigart.tn\/wp-content\/uploads\/2025\/06\/Image3-150x150.png 150w\" sizes=\"auto, (max-width: 561px) 100vw, 561px\" \/>\t\t\t\t\t\t\n\t\t\t\t\t<\/div>\n\t\t\t\t\t\t\t\t\n<style>\n#image_1661198963 {\n  width: 100%;\n}\n<\/style>\n\t<\/div>\n\t\n\n\n\t\t<\/div>\n\t\t\t\t\t<\/div>\n\n\t\n\n\t<div id=\"col-1186404391\" class=\"col medium-6 small-12 large-6\"  >\n\t\t\t\t<div class=\"col-inner\"  >\n\t\t\t\n\t\t\t\n\n<p>Dans un monde du travail en pleine mutation, l\u2019am\u00e9nagement d\u2019espace professionnel ne peut plus se limiter \u00e0 l\u2019agencement de mobilier ou au choix de couleurs tendances. Aujourd\u2019hui, les entreprises les plus performantes repensent leurs environnements avec un objectif clair : placer les besoins humains au c\u0153ur du design d\u2019espace.<br \/>\nQue ce soit dans un open space, un espace collaboratif ou des bureaux individuels, l\u2019am\u00e9nagement int\u00e9rieur influe directement sur le bien-\u00eatre au travail, la productivit\u00e9 et l\u2019engagement des \u00e9quipes. Un bon projet ne commence donc pas avec des meubles, mais avec une \u00e9coute attentive des usages.<\/p>\n\n\n\t\t<\/div>\n\t\t\t\t\t<\/div>\n\n\t\n\n<\/div>\n<div class=\"container section-title-container\" ><h4 class=\"section-title section-title-normal\"><b><\/b><span class=\"section-title-main\" style=\"font-size:77%;color:rgb(202, 12, 12);\">Pourquoi concevoir un am\u00e9nagement centr\u00e9 sur l\u2019humain ?<\/span><b><\/b><\/h4><\/div>\n\n<p>Un espace de travail bien pens\u00e9 r\u00e9duit le stress, favorise les \u00e9changes et am\u00e9liore la qualit\u00e9 de vie au bureau. \u00c0 l\u2019inverse, un environnement rigide ou mal adapt\u00e9 aux besoins peut nuire \u00e0 la motivation, g\u00e9n\u00e9rer de la fatigue, et freiner la performance collective.<\/p>\n\n<div class=\"row\"  id=\"row-2020488575\">\n\n\n\t<div id=\"col-1375633991\" class=\"col medium-6 small-12 large-6\"  >\n\t\t\t\t<div class=\"col-inner\"  >\n\t\t\t\n\t\t\t\n\n\t<div class=\"img has-hover x md-x lg-x y md-y lg-y\" id=\"image_1367073464\">\n\t\t\t\t\t\t\t\t<div class=\"img-inner dark\" >\n\t\t\t<img loading=\"lazy\" decoding=\"async\" width=\"760\" height=\"557\" src=\"https:\/\/backup.groupebigart.tn\/wp-content\/uploads\/2025\/06\/Image4.png\" class=\"attachment-large size-large\" alt=\"\" srcset=\"https:\/\/backup.groupebigart.tn\/wp-content\/uploads\/2025\/06\/Image4.png 760w, https:\/\/backup.groupebigart.tn\/wp-content\/uploads\/2025\/06\/Image4-300x220.png 300w\" sizes=\"auto, (max-width: 760px) 100vw, 760px\" \/>\t\t\t\t\t\t\n\t\t\t\t\t<\/div>\n\t\t\t\t\t\t\t\t\n<style>\n#image_1367073464 {\n  width: 100%;\n}\n<\/style>\n\t<\/div>\n\t\n\n\n\t\t<\/div>\n\t\t\t\t\t<\/div>\n\n\t\n\n\t<div id=\"col-2029260588\" class=\"col medium-6 small-12 large-6\"  >\n\t\t\t\t<div class=\"col-inner\"  >\n\t\t\t\n\t\t\t\n\n<p>Les collaborateurs d\u2019aujourd\u2019hui expriment des attentes pr\u00e9cises : plus de flexibilit\u00e9, de confort acoustique, de lumi\u00e8re naturelle, mais aussi la possibilit\u00e9 de se concentrer ou de collaborer selon les moments. R\u00e9pondre \u00e0 ces enjeux, c\u2019est faire de l\u2019ergonomie de l\u2019espace un levier strat\u00e9gique pour l\u2019entreprise.<\/p>\n\n\n\t\t<\/div>\n\t\t\t\t\t<\/div>\n\n\t\n\n<\/div>\n<p>Les piliers d\u2019un am\u00e9nagement d\u2019espace humain et performant<br \/>\n1.Ecouter les besoins r\u00e9els des utilisateurs<br \/>\nChaque projet d\u2019am\u00e9nagement devrait commencer par une phase de diagnostic ou de concertation. Observer les usages, identifier les irritants, comprendre les flux\u2026 c\u2019est ce qui permet de cr\u00e9er un espace au service de ses occupants.<\/p>\n<p>2.Cr\u00e9er des espaces de travail flexibles<br \/>\nLes modes de travail \u00e9voluent rapidement. Les bureaux flexibles, les zones de coworking internes, ou encore les postes de travail nomades r\u00e9pondent aux besoins d\u2019agilit\u00e9 des \u00e9quipes. La modularit\u00e9 des lieux devient un atout pr\u00e9cieux pour anticiper les changements.<br \/>\n3.Favoriser la qualit\u00e9 de vie au travail<br \/>\nUn am\u00e9nagement centr\u00e9 sur l\u2019humain prend en compte des crit\u00e8res souvent n\u00e9glig\u00e9s : acoustique ma\u00eetris\u00e9e, confort thermique, v\u00e9g\u00e9talisation des espaces, qualit\u00e9 de l\u2019air, mobilier ergonomique. Ces \u00e9l\u00e9ments ont un impact direct sur la sant\u00e9 et la motivation des collaborateurs.<br \/>\n4.Exprimer l\u2019identit\u00e9 de l\u2019entreprise<br \/>\nL\u2019architecture int\u00e9rieure est aussi un moyen de refl\u00e9ter vos valeurs, votre culture et votre positionnement. L\u2019esth\u00e9tique, les mat\u00e9riaux, la signal\u00e9tique et les couleurs participent \u00e0 cr\u00e9er un univers qui renforce le sentiment d\u2019appartenance.<br \/>\nDesign d\u2019espace\u00a0: une approche humaine et strat\u00e9gique<br \/>\nR\u00e9ussir l\u2019am\u00e9nagement d\u2019un espace professionnel ne consiste pas \u00e0 suivre une tendance ou \u00e0 optimiser des m\u00e8tres carr\u00e9s. Il s\u2019agit de concevoir un environnement de travail vivant, adapt\u00e9 aux usages r\u00e9els, align\u00e9 avec votre vision, et capable d\u2019\u00e9voluer avec vos \u00e9quipes.<br \/>\nEt maintenant\u00a0?<br \/>\nVous avez un projet de r\u00e9novation ou de r\u00e9am\u00e9nagement de vos bureaux\u00a0?<br \/>\nVous souhaitez cr\u00e9er un lieu qui allie performance, esth\u00e9tique et bien-\u00eatre au travail\u00a0?<br \/>\nNous vous accompagnons dans une approche sur mesure, centr\u00e9e sur l\u2019humain.<br \/>\nContactez-nous pour \u00e9changer sur vos objectifs et construire ensemble un espace qui vous ressemble.<\/p>\n\n\n","protected":false},"excerpt":{"rendered":"","protected":false},"author":2,"featured_media":2249,"comment_status":"open","ping_status":"open","sticky":false,"template":"","format":"standard","meta":{"footnotes":""},"categories":[1],"tags":[],"class_list":["post-2247","post","type-post","status-publish","format-standard","has-post-thumbnail","hentry","category-non-classe"],"_links":{"self":[{"href":"https:\/\/backup.groupebigart.tn\/index.php\/wp-json\/wp\/v2\/posts\/2247","targetHints":{"allow":["GET"]}}],"collection":[{"href":"https:\/\/backup.groupebigart.tn\/index.php\/wp-json\/wp\/v2\/posts"}],"about":[{"href":"https:\/\/backup.groupebigart.tn\/index.php\/wp-json\/wp\/v2\/types\/post"}],"author":[{"embeddable":true,"href":"https:\/\/backup.groupebigart.tn\/index.php\/wp-json\/wp\/v2\/users\/2"}],"replies":[{"embeddable":true,"href":"https:\/\/backup.groupebigart.tn\/index.php\/wp-json\/wp\/v2\/comments?post=2247"}],"version-history":[{"count":0,"href":"https:\/\/backup.groupebigart.tn\/index.php\/wp-json\/wp\/v2\/posts\/2247\/revisions"}],"wp:featuredmedia":[{"embeddable":true,"href":"https:\/\/backup.groupebigart.tn\/index.php\/wp-json\/wp\/v2\/media\/2249"}],"wp:attachment":[{"href":"https:\/\/backup.groupebigart.tn\/index.php\/wp-json\/wp\/v2\/media?parent=2247"}],"wp:term":[{"taxonomy":"category","embeddable":true,"href":"https:\/\/backup.groupebigart.tn\/index.php\/wp-json\/wp\/v2\/categories?post=2247"},{"taxonomy":"post_tag","embeddable":true,"href":"https:\/\/backup.groupebigart.tn\/index.php\/wp-json\/wp\/v2\/tags?post=2247"}],"curies":[{"name":"wp","href":"https:\/\/api.w.org\/{rel}","templated":true}]}}